{"id":149,"date":"2015-04-16T09:00:06","date_gmt":"2015-04-16T07:00:06","guid":{"rendered":"http:\/\/combetabeillon.ch\/2015\/?p=149"},"modified":"2015-11-03T00:05:21","modified_gmt":"2015-11-02T22:05:21","slug":"visites-ecotouristiques","status":"publish","type":"post","link":"https:\/\/www.combetabeillon.ch\/de\/visites-ecotouristiques\/","title":{"rendered":"\u00d6kotourismus-Touren"},"content":{"rendered":"<p>Hier sind einige Ideen f\u00fcr \u00d6kotourismus:<\/p>\n<figure id=\"attachment_151\" class=\"thumbnail wp-caption alignright\" style=\"width: 269px\"><img data-recalc-dims=\"1\" loading=\"lazy\" decoding=\"async\" data-attachment-id=\"151\" data-permalink=\"https:\/\/www.combetabeillon.ch\/de\/visites-ecotouristiques\/gruere\/\" data-orig-file=\"https:\/\/i0.wp.com\/www.combetabeillon.ch\/2015\/wp-content\/uploads\/gruere.jpg?fit=259%2C194&amp;ssl=1\" data-orig-size=\"259,194\" data-comments-opened=\"0\" data-image-title=\"Etang de la Gru\u00e8re\" data-image-description=\"\" data-image-caption=\"&lt;p&gt;Etang de la Gru\u00e8re&lt;\/p&gt;\n\" data-large-file=\"https:\/\/i0.wp.com\/www.combetabeillon.ch\/2015\/wp-content\/uploads\/gruere.jpg?fit=259%2C194&amp;ssl=1\" class=\"wp-image-151 size-full\" src=\"https:\/\/i0.wp.com\/combetabeillon.ch\/2015\/wp-content\/uploads\/gruere.jpg?resize=259%2C194\" alt=\"Teich von Gru\u00e8re\" width=\"259\" height=\"194\" \/><figcaption class=\"caption wp-caption-text\">Teich von Gru\u00e8re<\/figcaption><\/figure>\n<ul>\n<li><strong>Das Naturzentrum Les Cerlatez in Saignel\u00e9gier<\/strong><br \/>\n<a title=\"Das Naturzentrum Les Cerlatez\" href=\"http:\/\/www.centre-cerlatez.ch\/\" target=\"_blank\">www.centre-cerlatez.ch<\/a><br \/>\nDiese Stiftung liegt neben dem Teich von Gru\u00e8re. Die Stiftung bietet Informationen, Forschung und Schutz zum\u00a0Thema &#8222;Feuchtgebiete&#8220; und insbesondere &#8222;Moore&#8220;.<\/li>\n<li><strong>Strau\u00dfenabenteuer in Lajoux<\/strong><br \/>\n<a title=\"Autruches Aventure\" href=\"http:\/\/www.autruchesaventure.ch\/\" target=\"_blank\">www.autruchesaventure.ch<\/a><br \/>\nUm mehr \u00fcber dem gr\u00f6ssten Vogel der Welt zu erfahren, besuchen Sie diesen aussergew\u00f6hnlichen und im Jura einzigartigen Bauernhof!<\/li>\n<li><strong>Jurassic Fossilien in Glovelier<\/strong><br \/>\n<a title=\"Jura Pal\u00e4ontologische Stiftung\" href=\"http:\/\/www.fpju.ch\/\" target=\"_blank\">www.fpju.ch<\/a><br \/>\nGro\u00dfe private Sammlung von Fossilien aus der Region. Besichtigung auf Anfrage.<\/li>\n<li><strong>Parc Naturel R\u00e9gional du Doubs<\/strong><br \/>\n<a title=\"Parc Naturel R\u00e9gional du Doubs\" href=\"http:\/\/www.parcdoubs.ch\/\" target=\"_blank\">www.parcdoubs.ch<\/a><br \/>\nDie einzigartige Natur rund um den Doubs wird durch ein vielf\u00e4ltiges Angebot von Outdoor-Aktivit\u00e4ten direkt erlebbar.<\/li>\n<\/ul>\n<p><\/p>","protected":false},"excerpt":{"rendered":"<p>Hier sind einige Ideen f\u00fcr \u00d6kotourismus: Das Naturzentrum Les Cerlatez in Saignel\u00e9gier www.centre-cerlatez.ch Diese Stiftung liegt neben dem Teich von Gru\u00e8re. Die Stiftung bietet Informationen, Forschung und Schutz zum\u00a0Thema &#8222;Feuchtgebiete&#8220; und insbesondere &#8222;Moore&#8220;. Strau\u00dfenabenteuer in Lajoux www.autruchesaventure.ch Um mehr \u00fcber dem gr\u00f6ssten Vogel der Welt zu erfahren, besuchen Sie diesen aussergew\u00f6hnlichen und im Jura einzigartigen [&hellip;]<\/p>\n","protected":false},"author":1,"featured_media":0,"comment_status":"closed","ping_status":"closed","sticky":false,"template":"","format":"standard","meta":{"_jetpack_newsletter_access":"","_jetpack_dont_email_post_to_subs":false,"_jetpack_newsletter_tier_id":0,"_jetpack_memberships_contains_paywalled_content":false,"_jetpack_feature_clip_id":0,"_jetpack_memberships_contains_paid_content":false,"footnotes":"","jetpack_post_was_ever_published":false},"categories":[4],"tags":[],"class_list":["post-149","post","type-post","status-publish","format-standard","hentry","category-activites"],"yoast_head":"<!-- This site is optimized with the Yoast SEO plugin v28.1 - https:\/\/yoast.com\/product\/yoast-seo-wordpress\/ -->\n<title>\u00d6kotourismus-Touren - Baurnhof der Combe Tabeillon<\/title>\n<meta name=\"robots\" content=\"index, follow, max-snippet:-1, max-image-preview:large, max-video-preview:-1\" \/>\n<link rel=\"canonical\" href=\"http:\/\/www.combetabeillon.ch\/visites-ecotouristiques\/\" \/>\n<meta property=\"og:locale\" content=\"de_DE\" \/>\n<meta property=\"og:type\" content=\"article\" \/>\n<meta property=\"og:title\" content=\"\u00d6kotourismus-Touren - Baurnhof der Combe Tabeillon\" \/>\n<meta property=\"og:description\" content=\"Hier sind einige Ideen f\u00fcr \u00d6kotourismus: Das Naturzentrum Les Cerlatez in Saignel\u00e9gier www.centre-cerlatez.ch Diese Stiftung liegt neben dem Teich von Gru\u00e8re. Die Stiftung bietet Informationen, Forschung und Schutz zum\u00a0Thema &#8222;Feuchtgebiete&#8220; und insbesondere &#8222;Moore&#8220;. Strau\u00dfenabenteuer in Lajoux www.autruchesaventure.ch Um mehr \u00fcber dem gr\u00f6ssten Vogel der Welt zu erfahren, besuchen Sie diesen aussergew\u00f6hnlichen und im Jura einzigartigen [&hellip;]\" \/>\n<meta property=\"og:url\" content=\"http:\/\/www.combetabeillon.ch\/visites-ecotouristiques\/\" \/>\n<meta property=\"og:site_name\" content=\"Baurnhof der Combe Tabeillon\" \/>\n<meta property=\"article:published_time\" content=\"2015-04-16T07:00:06+00:00\" \/>\n<meta property=\"article:modified_time\" content=\"2015-11-02T22:05:21+00:00\" \/>\n<meta property=\"og:image\" content=\"http:\/\/combetabeillon.ch\/2015\/wp-content\/uploads\/gruere.jpg\" \/>\n<meta name=\"author\" content=\"gmonin\" \/>\n<meta name=\"twitter:label1\" content=\"Verfasst von\" \/>\n\t<meta name=\"twitter:data1\" content=\"gmonin\" \/>\n\t<meta name=\"twitter:label2\" content=\"Gesch\u00e4tzte Lesezeit\" \/>\n\t<meta name=\"twitter:data2\" content=\"1\u00a0Minute\" \/>\n<script type=\"application\/ld+json\" class=\"yoast-schema-graph\">{\"@context\":\"https:\\\/\\\/schema.org\",\"@graph\":[{\"@type\":\"Article\",\"@id\":\"http:\\\/\\\/www.combetabeillon.ch\\\/visites-ecotouristiques\\\/#article\",\"isPartOf\":{\"@id\":\"http:\\\/\\\/www.combetabeillon.ch\\\/visites-ecotouristiques\\\/\"},\"author\":{\"name\":\"gmonin\",\"@id\":\"http:\\\/\\\/www.combetabeillon.ch\\\/de\\\/#\\\/schema\\\/person\\\/b74332dc1bb0c475e995c15b1c354a11\"},\"headline\":\"\u00d6kotourismus-Touren\",\"datePublished\":\"2015-04-16T07:00:06+00:00\",\"dateModified\":\"2015-11-02T22:05:21+00:00\",\"mainEntityOfPage\":{\"@id\":\"http:\\\/\\\/www.combetabeillon.ch\\\/visites-ecotouristiques\\\/\"},\"wordCount\":283,\"image\":{\"@id\":\"http:\\\/\\\/www.combetabeillon.ch\\\/visites-ecotouristiques\\\/#primaryimage\"},\"thumbnailUrl\":\"http:\\\/\\\/combetabeillon.ch\\\/2015\\\/wp-content\\\/uploads\\\/gruere.jpg\",\"articleSection\":[\"\"],\"inLanguage\":\"de\"},{\"@type\":\"WebPage\",\"@id\":\"http:\\\/\\\/www.combetabeillon.ch\\\/visites-ecotouristiques\\\/\",\"url\":\"http:\\\/\\\/www.combetabeillon.ch\\\/visites-ecotouristiques\\\/\",\"name\":\"\u00d6kotourismus-Touren - Baurnhof der Combe Tabeillon\",\"isPartOf\":{\"@id\":\"http:\\\/\\\/www.combetabeillon.ch\\\/de\\\/#website\"},\"primaryImageOfPage\":{\"@id\":\"http:\\\/\\\/www.combetabeillon.ch\\\/visites-ecotouristiques\\\/#primaryimage\"},\"image\":{\"@id\":\"http:\\\/\\\/www.combetabeillon.ch\\\/visites-ecotouristiques\\\/#primaryimage\"},\"thumbnailUrl\":\"http:\\\/\\\/combetabeillon.ch\\\/2015\\\/wp-content\\\/uploads\\\/gruere.jpg\",\"datePublished\":\"2015-04-16T07:00:06+00:00\",\"dateModified\":\"2015-11-02T22:05:21+00:00\",\"author\":{\"@id\":\"http:\\\/\\\/www.combetabeillon.ch\\\/de\\\/#\\\/schema\\\/person\\\/b74332dc1bb0c475e995c15b1c354a11\"},\"breadcrumb\":{\"@id\":\"http:\\\/\\\/www.combetabeillon.ch\\\/visites-ecotouristiques\\\/#breadcrumb\"},\"inLanguage\":\"de\",\"potentialAction\":[{\"@type\":\"ReadAction\",\"target\":[\"http:\\\/\\\/www.combetabeillon.ch\\\/visites-ecotouristiques\\\/\"]}]},{\"@type\":\"ImageObject\",\"inLanguage\":\"de\",\"@id\":\"http:\\\/\\\/www.combetabeillon.ch\\\/visites-ecotouristiques\\\/#primaryimage\",\"url\":\"http:\\\/\\\/combetabeillon.ch\\\/2015\\\/wp-content\\\/uploads\\\/gruere.jpg\",\"contentUrl\":\"http:\\\/\\\/combetabeillon.ch\\\/2015\\\/wp-content\\\/uploads\\\/gruere.jpg\"},{\"@type\":\"BreadcrumbList\",\"@id\":\"http:\\\/\\\/www.combetabeillon.ch\\\/visites-ecotouristiques\\\/#breadcrumb\",\"itemListElement\":[{\"@type\":\"ListItem\",\"position\":1,\"name\":\"Accueil\",\"item\":\"http:\\\/\\\/www.combetabeillon.ch\\\/de\\\/\"},{\"@type\":\"ListItem\",\"position\":2,\"name\":\"Visites \u00e9cotouristiques\"}]},{\"@type\":\"WebSite\",\"@id\":\"http:\\\/\\\/www.combetabeillon.ch\\\/de\\\/#website\",\"url\":\"http:\\\/\\\/www.combetabeillon.ch\\\/de\\\/\",\"name\":\"Baurnhof der Combe Tabeillon\",\"description\":\"\",\"potentialAction\":[{\"@type\":\"SearchAction\",\"target\":{\"@type\":\"EntryPoint\",\"urlTemplate\":\"http:\\\/\\\/www.combetabeillon.ch\\\/de\\\/?s={search_term_string}\"},\"query-input\":{\"@type\":\"PropertyValueSpecification\",\"valueRequired\":true,\"valueName\":\"search_term_string\"}}],\"inLanguage\":\"de\"},{\"@type\":\"Person\",\"@id\":\"http:\\\/\\\/www.combetabeillon.ch\\\/de\\\/#\\\/schema\\\/person\\\/b74332dc1bb0c475e995c15b1c354a11\",\"name\":\"gmonin\",\"url\":\"https:\\\/\\\/www.combetabeillon.ch\\\/de\\\/author\\\/gmonin\\\/\"}]}<\/script>\n<!-- \/ Yoast SEO plugin. -->","yoast_head_json":{"title":"\u00d6kotourismus-Touren - Baurnhof der Combe Tabeillon","robots":{"index":"index","follow":"follow","max-snippet":"max-snippet:-1","max-image-preview":"max-image-preview:large","max-video-preview":"max-video-preview:-1"},"canonical":"http:\/\/www.combetabeillon.ch\/visites-ecotouristiques\/","og_locale":"de_DE","og_type":"article","og_title":"\u00d6kotourismus-Touren - Baurnhof der Combe Tabeillon","og_description":"Hier sind einige Ideen f\u00fcr \u00d6kotourismus: Das Naturzentrum Les Cerlatez in Saignel\u00e9gier www.centre-cerlatez.ch Diese Stiftung liegt neben dem Teich von Gru\u00e8re. Die Stiftung bietet Informationen, Forschung und Schutz zum\u00a0Thema &#8222;Feuchtgebiete&#8220; und insbesondere &#8222;Moore&#8220;. Strau\u00dfenabenteuer in Lajoux www.autruchesaventure.ch Um mehr \u00fcber dem gr\u00f6ssten Vogel der Welt zu erfahren, besuchen Sie diesen aussergew\u00f6hnlichen und im Jura einzigartigen [&hellip;]","og_url":"http:\/\/www.combetabeillon.ch\/visites-ecotouristiques\/","og_site_name":"Baurnhof der Combe Tabeillon","article_published_time":"2015-04-16T07:00:06+00:00","article_modified_time":"2015-11-02T22:05:21+00:00","og_image":[{"url":"http:\/\/combetabeillon.ch\/2015\/wp-content\/uploads\/gruere.jpg","type":"","width":"","height":""}],"author":"gmonin","twitter_misc":{"Verfasst von":"gmonin","Gesch\u00e4tzte Lesezeit":"1\u00a0Minute"},"schema":{"@context":"https:\/\/schema.org","@graph":[{"@type":"Article","@id":"http:\/\/www.combetabeillon.ch\/visites-ecotouristiques\/#article","isPartOf":{"@id":"http:\/\/www.combetabeillon.ch\/visites-ecotouristiques\/"},"author":{"name":"gmonin","@id":"http:\/\/www.combetabeillon.ch\/de\/#\/schema\/person\/b74332dc1bb0c475e995c15b1c354a11"},"headline":"\u00d6kotourismus-Touren","datePublished":"2015-04-16T07:00:06+00:00","dateModified":"2015-11-02T22:05:21+00:00","mainEntityOfPage":{"@id":"http:\/\/www.combetabeillon.ch\/visites-ecotouristiques\/"},"wordCount":283,"image":{"@id":"http:\/\/www.combetabeillon.ch\/visites-ecotouristiques\/#primaryimage"},"thumbnailUrl":"http:\/\/combetabeillon.ch\/2015\/wp-content\/uploads\/gruere.jpg","articleSection":[""],"inLanguage":"de"},{"@type":"WebPage","@id":"http:\/\/www.combetabeillon.ch\/visites-ecotouristiques\/","url":"http:\/\/www.combetabeillon.ch\/visites-ecotouristiques\/","name":"\u00d6kotourismus-Touren - Baurnhof der Combe Tabeillon","isPartOf":{"@id":"http:\/\/www.combetabeillon.ch\/de\/#website"},"primaryImageOfPage":{"@id":"http:\/\/www.combetabeillon.ch\/visites-ecotouristiques\/#primaryimage"},"image":{"@id":"http:\/\/www.combetabeillon.ch\/visites-ecotouristiques\/#primaryimage"},"thumbnailUrl":"http:\/\/combetabeillon.ch\/2015\/wp-content\/uploads\/gruere.jpg","datePublished":"2015-04-16T07:00:06+00:00","dateModified":"2015-11-02T22:05:21+00:00","author":{"@id":"http:\/\/www.combetabeillon.ch\/de\/#\/schema\/person\/b74332dc1bb0c475e995c15b1c354a11"},"breadcrumb":{"@id":"http:\/\/www.combetabeillon.ch\/visites-ecotouristiques\/#breadcrumb"},"inLanguage":"de","potentialAction":[{"@type":"ReadAction","target":["http:\/\/www.combetabeillon.ch\/visites-ecotouristiques\/"]}]},{"@type":"ImageObject","inLanguage":"de","@id":"http:\/\/www.combetabeillon.ch\/visites-ecotouristiques\/#primaryimage","url":"http:\/\/combetabeillon.ch\/2015\/wp-content\/uploads\/gruere.jpg","contentUrl":"http:\/\/combetabeillon.ch\/2015\/wp-content\/uploads\/gruere.jpg"},{"@type":"BreadcrumbList","@id":"http:\/\/www.combetabeillon.ch\/visites-ecotouristiques\/#breadcrumb","itemListElement":[{"@type":"ListItem","position":1,"name":"Accueil","item":"http:\/\/www.combetabeillon.ch\/de\/"},{"@type":"ListItem","position":2,"name":"Visites \u00e9cotouristiques"}]},{"@type":"WebSite","@id":"http:\/\/www.combetabeillon.ch\/de\/#website","url":"http:\/\/www.combetabeillon.ch\/de\/","name":"Baurnhof der Combe Tabeillon","description":"","potentialAction":[{"@type":"SearchAction","target":{"@type":"EntryPoint","urlTemplate":"http:\/\/www.combetabeillon.ch\/de\/?s={search_term_string}"},"query-input":{"@type":"PropertyValueSpecification","valueRequired":true,"valueName":"search_term_string"}}],"inLanguage":"de"},{"@type":"Person","@id":"http:\/\/www.combetabeillon.ch\/de\/#\/schema\/person\/b74332dc1bb0c475e995c15b1c354a11","name":"gmonin","url":"https:\/\/www.combetabeillon.ch\/de\/author\/gmonin\/"}]}},"jetpack_featured_media_url":"","jetpack_sharing_enabled":false,"_links":{"self":[{"href":"https:\/\/www.combetabeillon.ch\/de\/wp-json\/wp\/v2\/posts\/149","targetHints":{"allow":["GET"]}}],"collection":[{"href":"https:\/\/www.combetabeillon.ch\/de\/wp-json\/wp\/v2\/posts"}],"about":[{"href":"https:\/\/www.combetabeillon.ch\/de\/wp-json\/wp\/v2\/types\/post"}],"author":[{"embeddable":true,"href":"https:\/\/www.combetabeillon.ch\/de\/wp-json\/wp\/v2\/users\/1"}],"replies":[{"embeddable":true,"href":"https:\/\/www.combetabeillon.ch\/de\/wp-json\/wp\/v2\/comments?post=149"}],"version-history":[{"count":15,"href":"https:\/\/www.combetabeillon.ch\/de\/wp-json\/wp\/v2\/posts\/149\/revisions"}],"predecessor-version":[{"id":400,"href":"https:\/\/www.combetabeillon.ch\/de\/wp-json\/wp\/v2\/posts\/149\/revisions\/400"}],"wp:attachment":[{"href":"https:\/\/www.combetabeillon.ch\/de\/wp-json\/wp\/v2\/media?parent=149"}],"wp:term":[{"taxonomy":"category","embeddable":true,"href":"https:\/\/www.combetabeillon.ch\/de\/wp-json\/wp\/v2\/categories?post=149"},{"taxonomy":"post_tag","embeddable":true,"href":"https:\/\/www.combetabeillon.ch\/de\/wp-json\/wp\/v2\/tags?post=149"}],"curies":[{"name":"wp","href":"https:\/\/api.w.org\/{rel}","templated":true}]}}